{"id":1001,"date":"2016-08-09T15:03:04","date_gmt":"2016-08-09T14:03:04","guid":{"rendered":"http:\/\/choralelaclefdeschants.com\/?p=1001"},"modified":"2016-08-09T15:04:02","modified_gmt":"2016-08-09T14:04:02","slug":"sortie-a-chenonceau-le-25-juin-2016","status":"publish","type":"post","link":"https:\/\/choralelaclefdeschants.com\/?p=1001","title":{"rendered":"Sortie \u00e0 Chenonceau le 25 Juin 2016"},"content":{"rendered":"Vous devez \u00eatre connect\u00e9 pour voir ce contenu.","protected":false},"excerpt":{"rendered":"Vous devez \u00eatre connect\u00e9 pour voir ce contenu.","protected":false},"author":6,"featured_media":0,"comment_status":"closed","ping_status":"closed","sticky":false,"template":"","format":"standard","meta":{"footnotes":""},"categories":[32],"tags":[],"class_list":["post-1001","post","type-post","status-publish","format-standard","hentry","category-2015-2016"],"_links":{"self":[{"href":"https:\/\/choralelaclefdeschants.com\/index.php?rest_route=\/wp\/v2\/posts\/1001","targetHints":{"allow":["GET"]}}],"collection":[{"href":"https:\/\/choralelaclefdeschants.com\/index.php?rest_route=\/wp\/v2\/posts"}],"about":[{"href":"https:\/\/choralelaclefdeschants.com\/index.php?rest_route=\/wp\/v2\/types\/post"}],"author":[{"embeddable":true,"href":"https:\/\/choralelaclefdeschants.com\/index.php?rest_route=\/wp\/v2\/users\/6"}],"replies":[{"embeddable":true,"href":"https:\/\/choralelaclefdeschants.com\/index.php?rest_route=%2Fwp%2Fv2%2Fcomments&post=1001"}],"version-history":[{"count":2,"href":"https:\/\/choralelaclefdeschants.com\/index.php?rest_route=\/wp\/v2\/posts\/1001\/revisions"}],"predecessor-version":[{"id":1003,"href":"https:\/\/choralelaclefdeschants.com\/index.php?rest_route=\/wp\/v2\/posts\/1001\/revisions\/1003"}],"wp:attachment":[{"href":"https:\/\/choralelaclefdeschants.com\/index.php?rest_route=%2Fwp%2Fv2%2Fmedia&parent=1001"}],"wp:term":[{"taxonomy":"category","embeddable":true,"href":"https:\/\/choralelaclefdeschants.com\/index.php?rest_route=%2Fwp%2Fv2%2Fcategories&post=1001"},{"taxonomy":"post_tag","embeddable":true,"href":"https:\/\/choralelaclefdeschants.com\/index.php?rest_route=%2Fwp%2Fv2%2Ftags&post=1001"}],"curies":[{"name":"wp","href":"https:\/\/api.w.org\/{rel}","templated":true}]}}