{"id":1570,"date":"2016-12-20T19:23:22","date_gmt":"2016-12-20T18:23:22","guid":{"rendered":"http:\/\/choralelaclefdeschants.com\/?p=1570"},"modified":"2017-07-05T10:57:19","modified_gmt":"2017-07-05T09:57:19","slug":"le-pere-noel-fait-du-karate","status":"publish","type":"post","link":"https:\/\/choralelaclefdeschants.com\/?p=1570","title":{"rendered":"Le p\u00e8re no\u00ebl fait du karat\u00e9"},"content":{"rendered":"Vous devez \u00eatre connect\u00e9 pour voir ce contenu.","protected":false},"excerpt":{"rendered":"Vous devez \u00eatre connect\u00e9 pour voir ce contenu.","protected":false},"author":6,"featured_media":0,"comment_status":"closed","ping_status":"closed","sticky":false,"template":"","format":"standard","meta":{"footnotes":""},"categories":[41],"tags":[],"class_list":["post-1570","post","type-post","status-publish","format-standard","hentry","category-2016-2017-vie-associative"],"_links":{"self":[{"href":"https:\/\/choralelaclefdeschants.com\/index.php?rest_route=\/wp\/v2\/posts\/1570","targetHints":{"allow":["GET"]}}],"collection":[{"href":"https:\/\/choralelaclefdeschants.com\/index.php?rest_route=\/wp\/v2\/posts"}],"about":[{"href":"https:\/\/choralelaclefdeschants.com\/index.php?rest_route=\/wp\/v2\/types\/post"}],"author":[{"embeddable":true,"href":"https:\/\/choralelaclefdeschants.com\/index.php?rest_route=\/wp\/v2\/users\/6"}],"replies":[{"embeddable":true,"href":"https:\/\/choralelaclefdeschants.com\/index.php?rest_route=%2Fwp%2Fv2%2Fcomments&post=1570"}],"version-history":[{"count":4,"href":"https:\/\/choralelaclefdeschants.com\/index.php?rest_route=\/wp\/v2\/posts\/1570\/revisions"}],"predecessor-version":[{"id":1590,"href":"https:\/\/choralelaclefdeschants.com\/index.php?rest_route=\/wp\/v2\/posts\/1570\/revisions\/1590"}],"wp:attachment":[{"href":"https:\/\/choralelaclefdeschants.com\/index.php?rest_route=%2Fwp%2Fv2%2Fmedia&parent=1570"}],"wp:term":[{"taxonomy":"category","embeddable":true,"href":"https:\/\/choralelaclefdeschants.com\/index.php?rest_route=%2Fwp%2Fv2%2Fcategories&post=1570"},{"taxonomy":"post_tag","embeddable":true,"href":"https:\/\/choralelaclefdeschants.com\/index.php?rest_route=%2Fwp%2Fv2%2Ftags&post=1570"}],"curies":[{"name":"wp","href":"https:\/\/api.w.org\/{rel}","templated":true}]}}