{"id":235,"date":"2015-04-11T10:45:17","date_gmt":"2015-04-11T09:45:17","guid":{"rendered":"http:\/\/choralelaclefdeschants.com\/?p=235"},"modified":"2015-11-18T10:11:58","modified_gmt":"2015-11-18T09:11:58","slug":"concert-21-novembre-201021","status":"publish","type":"post","link":"https:\/\/choralelaclefdeschants.com\/?p=235","title":{"rendered":"Concert 21 Novembre 2010"},"content":{"rendered":"Vous devez \u00eatre connect\u00e9 pour voir ce contenu.","protected":false},"excerpt":{"rendered":"Vous devez \u00eatre connect\u00e9 pour voir ce contenu.","protected":false},"author":3,"featured_media":0,"comment_status":"closed","ping_status":"closed","sticky":false,"template":"","format":"standard","meta":{"footnotes":""},"categories":[34,14],"tags":[],"class_list":["post-235","post","type-post","status-publish","format-standard","hentry","category-34","category-voix-des-olonnes"],"_links":{"self":[{"href":"https:\/\/choralelaclefdeschants.com\/index.php?rest_route=\/wp\/v2\/posts\/235","targetHints":{"allow":["GET"]}}],"collection":[{"href":"https:\/\/choralelaclefdeschants.com\/index.php?rest_route=\/wp\/v2\/posts"}],"about":[{"href":"https:\/\/choralelaclefdeschants.com\/index.php?rest_route=\/wp\/v2\/types\/post"}],"author":[{"embeddable":true,"href":"https:\/\/choralelaclefdeschants.com\/index.php?rest_route=\/wp\/v2\/users\/3"}],"replies":[{"embeddable":true,"href":"https:\/\/choralelaclefdeschants.com\/index.php?rest_route=%2Fwp%2Fv2%2Fcomments&post=235"}],"version-history":[{"count":3,"href":"https:\/\/choralelaclefdeschants.com\/index.php?rest_route=\/wp\/v2\/posts\/235\/revisions"}],"predecessor-version":[{"id":596,"href":"https:\/\/choralelaclefdeschants.com\/index.php?rest_route=\/wp\/v2\/posts\/235\/revisions\/596"}],"wp:attachment":[{"href":"https:\/\/choralelaclefdeschants.com\/index.php?rest_route=%2Fwp%2Fv2%2Fmedia&parent=235"}],"wp:term":[{"taxonomy":"category","embeddable":true,"href":"https:\/\/choralelaclefdeschants.com\/index.php?rest_route=%2Fwp%2Fv2%2Fcategories&post=235"},{"taxonomy":"post_tag","embeddable":true,"href":"https:\/\/choralelaclefdeschants.com\/index.php?rest_route=%2Fwp%2Fv2%2Ftags&post=235"}],"curies":[{"name":"wp","href":"https:\/\/api.w.org\/{rel}","templated":true}]}}