{"id":240,"date":"2015-04-12T06:48:53","date_gmt":"2015-04-12T05:48:53","guid":{"rendered":"http:\/\/choralelaclefdeschants.com\/?p=240"},"modified":"2015-04-12T06:52:07","modified_gmt":"2015-04-12T05:52:07","slug":"des-coeurs-pour-grandir-9-avril-2011-la-boissiere-des-landes","status":"publish","type":"post","link":"https:\/\/choralelaclefdeschants.com\/?p=240","title":{"rendered":"La Chorale f\u00eate ses 20 ans"},"content":{"rendered":"Vous devez \u00eatre connect\u00e9 pour voir ce contenu.","protected":false},"excerpt":{"rendered":"Vous devez \u00eatre connect\u00e9 pour voir ce contenu.","protected":false},"author":3,"featured_media":0,"comment_status":"closed","ping_status":"closed","sticky":false,"template":"","format":"standard","meta":{"footnotes":""},"categories":[12],"tags":[],"class_list":["post-240","post","type-post","status-publish","format-standard","hentry","category-2012-2013"],"_links":{"self":[{"href":"https:\/\/choralelaclefdeschants.com\/index.php?rest_route=\/wp\/v2\/posts\/240","targetHints":{"allow":["GET"]}}],"collection":[{"href":"https:\/\/choralelaclefdeschants.com\/index.php?rest_route=\/wp\/v2\/posts"}],"about":[{"href":"https:\/\/choralelaclefdeschants.com\/index.php?rest_route=\/wp\/v2\/types\/post"}],"author":[{"embeddable":true,"href":"https:\/\/choralelaclefdeschants.com\/index.php?rest_route=\/wp\/v2\/users\/3"}],"replies":[{"embeddable":true,"href":"https:\/\/choralelaclefdeschants.com\/index.php?rest_route=%2Fwp%2Fv2%2Fcomments&post=240"}],"version-history":[{"count":3,"href":"https:\/\/choralelaclefdeschants.com\/index.php?rest_route=\/wp\/v2\/posts\/240\/revisions"}],"predecessor-version":[{"id":243,"href":"https:\/\/choralelaclefdeschants.com\/index.php?rest_route=\/wp\/v2\/posts\/240\/revisions\/243"}],"wp:attachment":[{"href":"https:\/\/choralelaclefdeschants.com\/index.php?rest_route=%2Fwp%2Fv2%2Fmedia&parent=240"}],"wp:term":[{"taxonomy":"category","embeddable":true,"href":"https:\/\/choralelaclefdeschants.com\/index.php?rest_route=%2Fwp%2Fv2%2Fcategories&post=240"},{"taxonomy":"post_tag","embeddable":true,"href":"https:\/\/choralelaclefdeschants.com\/index.php?rest_route=%2Fwp%2Fv2%2Ftags&post=240"}],"curies":[{"name":"wp","href":"https:\/\/api.w.org\/{rel}","templated":true}]}}