{"id":90,"date":"2015-03-18T17:37:52","date_gmt":"2015-03-18T16:37:52","guid":{"rendered":"http:\/\/choralelaclefdeschants.com\/?p=90"},"modified":"2015-04-26T15:53:14","modified_gmt":"2015-04-26T14:53:14","slug":"15-mars-concert-au-prieure-saint-nicolas","status":"publish","type":"post","link":"https:\/\/choralelaclefdeschants.com\/?p=90","title":{"rendered":"15 mars &#8211; Concert au prieur\u00e9 Saint Nicolas"},"content":{"rendered":"Vous devez \u00eatre connect\u00e9 pour voir ce contenu.","protected":false},"excerpt":{"rendered":"Vous devez \u00eatre connect\u00e9 pour voir ce contenu.","protected":false},"author":3,"featured_media":0,"comment_status":"closed","ping_status":"closed","sticky":false,"template":"","format":"standard","meta":{"footnotes":""},"categories":[11],"tags":[],"class_list":["post-90","post","type-post","status-publish","format-standard","hentry","category-2014-2015"],"_links":{"self":[{"href":"https:\/\/choralelaclefdeschants.com\/index.php?rest_route=\/wp\/v2\/posts\/90","targetHints":{"allow":["GET"]}}],"collection":[{"href":"https:\/\/choralelaclefdeschants.com\/index.php?rest_route=\/wp\/v2\/posts"}],"about":[{"href":"https:\/\/choralelaclefdeschants.com\/index.php?rest_route=\/wp\/v2\/types\/post"}],"author":[{"embeddable":true,"href":"https:\/\/choralelaclefdeschants.com\/index.php?rest_route=\/wp\/v2\/users\/3"}],"replies":[{"embeddable":true,"href":"https:\/\/choralelaclefdeschants.com\/index.php?rest_route=%2Fwp%2Fv2%2Fcomments&post=90"}],"version-history":[{"count":8,"href":"https:\/\/choralelaclefdeschants.com\/index.php?rest_route=\/wp\/v2\/posts\/90\/revisions"}],"predecessor-version":[{"id":343,"href":"https:\/\/choralelaclefdeschants.com\/index.php?rest_route=\/wp\/v2\/posts\/90\/revisions\/343"}],"wp:attachment":[{"href":"https:\/\/choralelaclefdeschants.com\/index.php?rest_route=%2Fwp%2Fv2%2Fmedia&parent=90"}],"wp:term":[{"taxonomy":"category","embeddable":true,"href":"https:\/\/choralelaclefdeschants.com\/index.php?rest_route=%2Fwp%2Fv2%2Fcategories&post=90"},{"taxonomy":"post_tag","embeddable":true,"href":"https:\/\/choralelaclefdeschants.com\/index.php?rest_route=%2Fwp%2Fv2%2Ftags&post=90"}],"curies":[{"name":"wp","href":"https:\/\/api.w.org\/{rel}","templated":true}]}}